{"id":167,"date":"2014-11-26T08:54:26","date_gmt":"2014-11-26T07:54:26","guid":{"rendered":"http:\/\/trzcianka.zhp.wlkp.pl\/?p=167"},"modified":"2014-11-26T08:54:26","modified_gmt":"2014-11-26T07:54:26","slug":"miedzy-drawa-a-notecia","status":"publish","type":"post","link":"https:\/\/trzcianka.zhp.wlkp.pl\/?p=167","title":{"rendered":"Mi\u0119dzy Draw\u0105 a Noteci\u0105"},"content":{"rendered":"<p>V Konkurs Fotograficzny im. hm Mariana Bakinowskiego pod has\u0142em \u201eMi\u0119dzy Draw\u0105 a Noteci\u0105\u201d.<\/p>\n<p><!--more--><\/p>\n<p>Konkurs organizowany jest przez Miejsko-Gminny O\u015brodek Kultury w Krzy\u017cu Wielkopolskim. <\/p>\n<p>&#8211; Jest on nam bardzo bliski poniewa\u017c druh harcmistrz Marian Bakinowski by\u0142 cz\u0142owiekiem zacnym i nietuzinkowym. Zawsze swoj\u0105 postaw\u0105 i prac\u0105 instruktorsk\u0105 by\u0142 wzorem godnym szacunku i na\u015bladowania. Pracowity, m\u0105dry i \u017cyczliwy. Zawsze i wsz\u0119dzie &#8211; podsumowuje hm. Edward Joachimiak, zast\u0119pca Komendantki Hufca ZHP Trzcianka. <\/p>\n<p>Druh Marian Bakinowski Odszed\u0142 na wieczn\u0105 wart\u0119 27 lutego 2007 roku. Jego gr\u00f3b znajduje si\u0119 na cmentarzu komunalnym w Wieleniu. Pami\u0119tamy o Nim.<\/p>\n<p>Podsumowanie konkursu, kt\u00f3re odby\u0142o si\u0119 21 listopada 2014 roku to r\u00f3wnie\u017c okazja, aby naszym m\u0142odszym podopiecznym przypomina\u0107 osob\u0119 druha Mariana, to okazja do spotkania z harcmistrz Ew\u0105 Bakinowsk\u0105, \u017con\u0105 i ca\u0142\u0105 przesympatyczn\u0105 Rodzin\u0105.<\/p>\n<p>Podobnie jak w latach ubieg\u0142ych dh hm. Hanna Sotek, Komendantka Hufca ZHP Trzcianka  ufundowa\u0142a jedn\u0105 z nagr\u00f3d dla laureat\u00f3w konkursu a delegacja hufca uczestniczy\u0142a w uroczysto\u015bci podsumowania konkursu.<\/p>\n<p>Dzi\u0119kujemy Pani Katarzynie Wa\u015bko \u2013 dyrektorce krzyskiej plac\u00f3wki kultury za kultywowanie pami\u0119ci o druhu Marianie.<\/p>\n<p><a href=\"https:\/\/www.facebook.com\/media\/set\/?set=a.961784723850945.1073741837.699930700036350&amp;type=3&amp;uploaded=6\">GALERIA FOTO<\/a><\/p>\n<p>Autor: pwd. Marek Joachimiak<br \/>\nFoto: pwd. Krzysztof Grela<\/p>\n","protected":false},"excerpt":{"rendered":"<p>V Konkurs Fotograficzny im. hm Mariana Bakinowskiego pod has\u0142em \u201eMi\u0119dzy Draw\u0105 a Noteci\u0105\u201d.<\/p>\n","protected":false},"author":3,"featured_media":168,"comment_status":"closed","ping_status":"open","sticky":false,"template":"","format":"standard","meta":{"footnotes":""},"categories":[1,3],"tags":[12,13,4],"class_list":["post-167","post","type-post","status-publish","format-standard","has-post-thumbnail","hentry","category-bez-kategorii","category-featured","tag-bakinowski","tag-konkurs-fotograficzny","tag-zhp-trzcianka"],"aioseo_notices":[],"_links":{"self":[{"href":"https:\/\/trzcianka.zhp.wlkp.pl\/index.php?rest_route=\/wp\/v2\/posts\/167","targetHints":{"allow":["GET"]}}],"collection":[{"href":"https:\/\/trzcianka.zhp.wlkp.pl\/index.php?rest_route=\/wp\/v2\/posts"}],"about":[{"href":"https:\/\/trzcianka.zhp.wlkp.pl\/index.php?rest_route=\/wp\/v2\/types\/post"}],"author":[{"embeddable":true,"href":"https:\/\/trzcianka.zhp.wlkp.pl\/index.php?rest_route=\/wp\/v2\/users\/3"}],"replies":[{"embeddable":true,"href":"https:\/\/trzcianka.zhp.wlkp.pl\/index.php?rest_route=%2Fwp%2Fv2%2Fcomments&post=167"}],"version-history":[{"count":1,"href":"https:\/\/trzcianka.zhp.wlkp.pl\/index.php?rest_route=\/wp\/v2\/posts\/167\/revisions"}],"predecessor-version":[{"id":169,"href":"https:\/\/trzcianka.zhp.wlkp.pl\/index.php?rest_route=\/wp\/v2\/posts\/167\/revisions\/169"}],"wp:featuredmedia":[{"embeddable":true,"href":"https:\/\/trzcianka.zhp.wlkp.pl\/index.php?rest_route=\/wp\/v2\/media\/168"}],"wp:attachment":[{"href":"https:\/\/trzcianka.zhp.wlkp.pl\/index.php?rest_route=%2Fwp%2Fv2%2Fmedia&parent=167"}],"wp:term":[{"taxonomy":"category","embeddable":true,"href":"https:\/\/trzcianka.zhp.wlkp.pl\/index.php?rest_route=%2Fwp%2Fv2%2Fcategories&post=167"},{"taxonomy":"post_tag","embeddable":true,"href":"https:\/\/trzcianka.zhp.wlkp.pl\/index.php?rest_route=%2Fwp%2Fv2%2Ftags&post=167"}],"curies":[{"name":"wp","href":"https:\/\/api.w.org\/{rel}","templated":true}]}}