{"id":674,"date":"2016-01-15T10:58:51","date_gmt":"2016-01-15T09:58:51","guid":{"rendered":"http:\/\/trzcianka.zhp.wlkp.pl\/?p=674"},"modified":"2016-01-15T11:01:29","modified_gmt":"2016-01-15T10:01:29","slug":"betlejemskie-swiatlo-pokoju-2015","status":"publish","type":"post","link":"https:\/\/trzcianka.zhp.wlkp.pl\/?p=674","title":{"rendered":"Betlejemskie \u015awiat\u0142o Pokoju 2015"},"content":{"rendered":"<p>Betlejemskie \u015awiat\u0142o Pokoju niesione r\u0119kami harcerzy trafi\u0142o do blisko 30 tysi\u0119cy mieszka\u0144c\u00f3w w ca\u0142ym Powiecie Czarnkowsko &#8211; Trzcianeckim.<\/p>\n<p><!--more--><\/p>\n<p>Akcja, kt\u00f3ra w Polsce prowadzona jest od 1991 roku w tym roku ph.: &#8222;Zauwa\u017c cz\u0142owieka&#8221;, ma na celu zwr\u00f3cenie uwagi na bli\u017aniego, na drugiego cz\u0142owieka &#8211; na jego problemy, rado\u015bci, na niepe\u0142nosprawno\u015b\u0107 i wiele innych aspekt\u00f3w \u017cycia spo\u0142ecznego.<\/p>\n<p>Betlejemskie \u015awiat\u0142o Pokoju co roku rozpoczyna swoj\u0105\u00a0drog\u0119 w Grocie Narodzenia Pa\u0144skiego w Betlejem, by dzi\u0119ki nios\u0105cej je mi\u0119dzynarodowej \u00a0skautowej sztafecie dotrze\u0107 do dom\u00f3w i instytucji na ca\u0142ym \u015bwiecie. Harcerki i harcerze z ZHP otrzymuj\u0105 \u015bwiat\u0142o od S\u0142owak\u00f3w, a przekazuj\u0105 je na p\u00f3\u0142noc do Danii, na zach\u00f3d do Niemiec oraz na wsch\u00f3d \u2013 na Litw\u0119, Bia\u0142oru\u015b, Ukrain\u0119 i do Rosji.<\/p>\n<p>W tym roku w Powiecie Czarnkowsko &#8211; Trzcianeckim Betlejemskie \u015awiat\u0142o Pokoju trafi\u0142o do blisko 30 000 mieszka\u0144c\u00f3w. Harcerze donie\u015bli \u015awiat\u0142o do instytucji publicznych, organizacji, stowarzysze\u0144, ko\u015bcio\u0142\u00f3w i parafii. Nie zabrak\u0142o ich w szko\u0142ach, plac\u00f3wkach o\u015bwiatowych, domach kultury domach pomocy spo\u0142ecznej i wielu wielu innych miejscach.<\/p>\n<p>Pwd. Krzysztof Grela, Komendant Hufca Trzcianka bardzo dzi\u0119kuje wszystkim za zaanga\u017cowanie przy organizacji ubieg\u0142orocznej edycji Betlejemskiego \u015awiat\u0142a Pokoju.<\/p>\n<div class=\"oembed oembed-video oembed-youtube-com oembed-video-youtube-com\"><iframe loading=\"lazy\" width=\"750\" height=\"422\" src=\"https:\/\/www.youtube.com\/embed\/RkkHcYpfvuA?feature=oembed\" frameborder=\"0\" allow=\"accelerometer; autoplay; encrypted-media; gyroscope; picture-in-picture\" allowfullscreen><\/iframe><\/div>\n<p>Autor tekstu: pwd. Marek Joachimiak<\/p>\n","protected":false},"excerpt":{"rendered":"<p>Betlejemskie \u015awiat\u0142o Pokoju niesione r\u0119kami harcerzy trafi\u0142o do blisko 30 tysi\u0119cy mieszka\u0144c\u00f3w w ca\u0142ym Powiecie Czarnkowsko &#8211; Trzcianeckim.<\/p>\n","protected":false},"author":3,"featured_media":676,"comment_status":"closed","ping_status":"open","sticky":false,"template":"","format":"standard","meta":{"footnotes":""},"categories":[1,3],"tags":[14,25,4],"class_list":["post-674","post","type-post","status-publish","format-standard","has-post-thumbnail","hentry","category-bez-kategorii","category-featured","tag-betlejemskie-swiatlo-pokoju","tag-harcerze-trzcianka","tag-zhp-trzcianka"],"aioseo_notices":[],"_links":{"self":[{"href":"https:\/\/trzcianka.zhp.wlkp.pl\/index.php?rest_route=\/wp\/v2\/posts\/674","targetHints":{"allow":["GET"]}}],"collection":[{"href":"https:\/\/trzcianka.zhp.wlkp.pl\/index.php?rest_route=\/wp\/v2\/posts"}],"about":[{"href":"https:\/\/trzcianka.zhp.wlkp.pl\/index.php?rest_route=\/wp\/v2\/types\/post"}],"author":[{"embeddable":true,"href":"https:\/\/trzcianka.zhp.wlkp.pl\/index.php?rest_route=\/wp\/v2\/users\/3"}],"replies":[{"embeddable":true,"href":"https:\/\/trzcianka.zhp.wlkp.pl\/index.php?rest_route=%2Fwp%2Fv2%2Fcomments&post=674"}],"version-history":[{"count":5,"href":"https:\/\/trzcianka.zhp.wlkp.pl\/index.php?rest_route=\/wp\/v2\/posts\/674\/revisions"}],"predecessor-version":[{"id":680,"href":"https:\/\/trzcianka.zhp.wlkp.pl\/index.php?rest_route=\/wp\/v2\/posts\/674\/revisions\/680"}],"wp:featuredmedia":[{"embeddable":true,"href":"https:\/\/trzcianka.zhp.wlkp.pl\/index.php?rest_route=\/wp\/v2\/media\/676"}],"wp:attachment":[{"href":"https:\/\/trzcianka.zhp.wlkp.pl\/index.php?rest_route=%2Fwp%2Fv2%2Fmedia&parent=674"}],"wp:term":[{"taxonomy":"category","embeddable":true,"href":"https:\/\/trzcianka.zhp.wlkp.pl\/index.php?rest_route=%2Fwp%2Fv2%2Fcategories&post=674"},{"taxonomy":"post_tag","embeddable":true,"href":"https:\/\/trzcianka.zhp.wlkp.pl\/index.php?rest_route=%2Fwp%2Fv2%2Ftags&post=674"}],"curies":[{"name":"wp","href":"https:\/\/api.w.org\/{rel}","templated":true}]}}